{"id":4802,"date":"2020-09-11T10:04:08","date_gmt":"2020-09-11T08:04:08","guid":{"rendered":"https:\/\/zrembchojnice.pl\/arch2019\/?page_id=4802"},"modified":"2020-09-11T10:04:08","modified_gmt":"2020-09-11T08:04:08","slug":"27-2020-otrzymanie-zamowien-na-wykonie-kontenerow","status":"publish","type":"post","link":"https:\/\/zrembchojnice.pl\/index.php\/2020\/09\/11\/27-2020-otrzymanie-zamowien-na-wykonie-kontenerow\/","title":{"rendered":"27\/2020 Otrzymanie zam\u00f3wie\u0144 na wykonie kontener\u00f3w."},"content":{"rendered":"\n<p>Podstawa prawna <br> Art. 17 ust. 1 MAR \u2013 informacje poufne. <\/p>\n\n\n\n<p>Zarz\u0105d Zak\u0142adu Budowy Maszyn \u201eZREMB-CHOJNICE\u201d S.A. (Emitent\u201d, \u201eSp\u00f3\u0142ka\u201d), w nawi\u0105zaniu do raportu bie\u017c\u0105cego nr 15\/2020 z dnia 16 czerwca 2020 roku informuje, \u017ce w okresie od dnia 17 czerwca do dnia 11 wrze\u015bnia  2020 r. otrzyma\u0142 od sp\u00f3\u0142ki dzia\u0142aj\u0105cej na rynku niemieckim kolejne zam\u00f3wienia, na wykonanie kontener\u00f3w z przeznaczeniem na rynek niemiecki. \u0141\u0105czna warto\u015b\u0107 otrzymanych w powy\u017cszym okresie zam\u00f3wie\u0144 wynosi oko\u0142o 2.554.669,44 z\u0142.<\/p>\n\n\n\n<p><br>Terminy realizacji poszczeg\u00f3lnych zam\u00f3wie\u0144 przypadaj\u0105 na okres od wrze\u015bnia do grudnia 2020r.<\/p>\n\n\n\n<p><br>Realizacja poszczeg\u00f3lnych zam\u00f3wie\u0144 nie przewiduje mo\u017cliwo\u015bci dochodzenia kar umownych.<\/p>\n\n\n\n<p><br>Pozosta\u0142e szczeg\u00f3\u0142owe warunki oraz ryzyka z nimi zwi\u0105zane, nie odbiegaj\u0105 od powszechnie stosowanych na rynku dla tego rodzaju zam\u00f3wie\u0144.<\/p>\n\n\n\n<p><br>Zarz\u0105d Emitenta podj\u0105\u0142 decyzj\u0119 o publikacji powy\u017cszej informacji ze wzgl\u0119du na warto\u015b\u0107 z\u0142o\u017conych zam\u00f3wie\u0144 oraz bior\u0105c pod uwag\u0119 bie\u017c\u0105c\u0105 sytuacj\u0119 na rynku zam\u00f3wie\u0144 zwi\u0105zan\u0105 z epidemi\u0105 wywo\u0142an\u0105 koronawirusem COVID-19.<\/p>\n\n\n\n<p>  PODPISY OS\u00d3B REPREZENTUJ\u0104CYCH SP\u00d3\u0141K\u0118  <br>  Data Imi\u0119 i Nazwisko Stanowisko\/Funkcja Podpis  <br>  2020-09-11 Krzysztof Kosiorek-Sobolewski Prezes Zarz\u0105du   <br>  2020-09-11 Marcin Garus Wiceprezes Zarz\u0105du <\/p>\n","protected":false},"excerpt":{"rendered":"<p>Podstawa prawna Art. 17 ust. 1 MAR \u2013 informacje poufne. Zarz\u0105d Zak\u0142adu Budowy Maszyn \u201eZREMB-CHOJNICE\u201d S.A. (Emitent\u201d, \u201eSp\u00f3\u0142ka\u201d), w nawi\u0105zaniu do raportu bie\u017c\u0105cego nr 15\/2020 z dnia 16 czerwca 2020 roku informuje, \u017ce w okresie od dnia 17 czerwca do dnia 11 wrze\u015bnia 2020 r. otrzyma\u0142 od sp\u00f3\u0142ki dzia\u0142aj\u0105cej na rynku niemieckim kolejne zam\u00f3wienia, na [&hellip;]<\/p>\n","protected":false},"author":1,"featured_media":0,"comment_status":"closed","ping_status":"closed","sticky":false,"template":"","format":"standard","meta":{"footnotes":""},"categories":[26],"tags":[],"class_list":["post-4802","post","type-post","status-publish","format-standard","hentry","category-raporty-biezace-2020"],"_links":{"self":[{"href":"https:\/\/zrembchojnice.pl\/index.php\/wp-json\/wp\/v2\/posts\/4802","targetHints":{"allow":["GET"]}}],"collection":[{"href":"https:\/\/zrembchojnice.pl\/index.php\/wp-json\/wp\/v2\/posts"}],"about":[{"href":"https:\/\/zrembchojnice.pl\/index.php\/wp-json\/wp\/v2\/types\/post"}],"author":[{"embeddable":true,"href":"https:\/\/zrembchojnice.pl\/index.php\/wp-json\/wp\/v2\/users\/1"}],"replies":[{"embeddable":true,"href":"https:\/\/zrembchojnice.pl\/index.php\/wp-json\/wp\/v2\/comments?post=4802"}],"version-history":[{"count":0,"href":"https:\/\/zrembchojnice.pl\/index.php\/wp-json\/wp\/v2\/posts\/4802\/revisions"}],"wp:attachment":[{"href":"https:\/\/zrembchojnice.pl\/index.php\/wp-json\/wp\/v2\/media?parent=4802"}],"wp:term":[{"taxonomy":"category","embeddable":true,"href":"https:\/\/zrembchojnice.pl\/index.php\/wp-json\/wp\/v2\/categories?post=4802"},{"taxonomy":"post_tag","embeddable":true,"href":"https:\/\/zrembchojnice.pl\/index.php\/wp-json\/wp\/v2\/tags?post=4802"}],"curies":[{"name":"wp","href":"https:\/\/api.w.org\/{rel}","templated":true}]}}