{"id":13426,"date":"2026-08-06T09:09:26","date_gmt":"2026-08-06T07:09:26","guid":{"rendered":"https:\/\/zrembchojnice.pl\/?p=13426"},"modified":"2026-08-31T09:14:42","modified_gmt":"2026-08-31T07:14:42","slug":"27-2026-zawarcie-umow-objecia-akcji-serii-l-w-ramach-podwyzszenia-kapitalu-zakladowego-w-granicach-kapitalu-docelowego","status":"publish","type":"post","link":"https:\/\/zrembchojnice.pl\/index.php\/2026\/08\/06\/27-2026-zawarcie-umow-objecia-akcji-serii-l-w-ramach-podwyzszenia-kapitalu-zakladowego-w-granicach-kapitalu-docelowego\/","title":{"rendered":"27\/2026 Zawarcie um\u00f3w obj\u0119cia akcji serii L w ramach podwy\u017cszenia kapita\u0142u zak\u0142adowego w granicach kapita\u0142u docelowego."},"content":{"rendered":"\t\t<div data-elementor-type=\"wp-post\" data-elementor-id=\"13426\" class=\"elementor elementor-13426\" data-elementor-post-type=\"post\">\n\t\t\t\t\t\t<section class=\"elementor-section elementor-top-section elementor-element elementor-element-79031e78 elementor-section-boxed elementor-section-height-default elementor-section-height-default\" data-id=\"79031e78\" data-element_type=\"section\" data-e-type=\"section\">\n\t\t\t\t\t\t<div class=\"elementor-container elementor-column-gap-default\">\n\t\t\t\t\t<div class=\"elementor-column elementor-col-100 elementor-top-column elementor-element elementor-element-8b71399\" data-id=\"8b71399\" data-element_type=\"column\" data-e-type=\"column\">\n\t\t\t<div class=\"elementor-widget-wrap\">\n\t\t\t\t\t\t\t<\/div>\n\t\t<\/div>\n\t\t\t\t\t<\/div>\n\t\t<\/section>\n\t\t\t\t<section class=\"elementor-section elementor-top-section elementor-element elementor-element-661e549 elementor-section-full_width elementor-section-height-default elementor-section-height-default\" data-id=\"661e549\" data-element_type=\"section\" data-e-type=\"section\">\n\t\t\t\t\t\t<div class=\"elementor-container elementor-column-gap-default\">\n\t\t\t\t\t<div class=\"elementor-column elementor-col-100 elementor-top-column elementor-element elementor-element-77ddf6f\" data-id=\"77ddf6f\" data-element_type=\"column\" data-e-type=\"column\">\n\t\t\t<div class=\"elementor-widget-wrap elementor-element-populated\">\n\t\t\t\t\t\t<div class=\"elementor-element elementor-element-af4d541 elementor--h-position-center elementor--v-position-middle elementor-arrows-position-inside elementor-pagination-position-inside elementor-widget elementor-widget-slides\" data-id=\"af4d541\" data-element_type=\"widget\" data-e-type=\"widget\" data-settings=\"{&quot;navigation&quot;:&quot;both&quot;,&quot;autoplay&quot;:&quot;yes&quot;,&quot;pause_on_hover&quot;:&quot;yes&quot;,&quot;pause_on_interaction&quot;:&quot;yes&quot;,&quot;autoplay_speed&quot;:5000,&quot;infinite&quot;:&quot;yes&quot;,&quot;transition&quot;:&quot;slide&quot;,&quot;transition_speed&quot;:500}\" data-widget_type=\"slides.default\">\n\t\t\t\t<div class=\"elementor-widget-container\">\n\t\t\t\t\t\t\t\t\t<div class=\"elementor-swiper\">\n\t\t\t\t\t<div class=\"elementor-slides-wrapper elementor-main-swiper swiper\" role=\"region\" aria-roledescription=\"carousel\" aria-label=\"Slajdy\" dir=\"ltr\" data-animation=\"fadeInUp\">\n\t\t\t\t<div class=\"swiper-wrapper elementor-slides\">\n\t\t\t\t\t\t\t\t\t\t<div class=\"elementor-repeater-item-4876cda swiper-slide\" role=\"group\" aria-roledescription=\"slide\"><div class=\"swiper-slide-bg\" role=\"img\" aria-label=\"gielda\"><\/div><div class=\"swiper-slide-inner\" ><div class=\"swiper-slide-contents\"><\/div><\/div><\/div>\t\t\t\t<\/div>\n\t\t\t\t\t\t\t<\/div>\n\t\t\t\t<\/div>\n\t\t\t\t\t\t\t\t<\/div>\n\t\t\t\t<\/div>\n\t\t\t\t\t<\/div>\n\t\t<\/div>\n\t\t\t\t\t<\/div>\n\t\t<\/section>\n\t\t\t\t<section class=\"elementor-section elementor-top-section elementor-element elementor-element-53adb86 elementor-section-boxed elementor-section-height-default elementor-section-height-default\" data-id=\"53adb86\" data-element_type=\"section\" data-e-type=\"section\">\n\t\t\t\t\t\t<div class=\"elementor-container elementor-column-gap-default\">\n\t\t\t\t\t<div class=\"elementor-column elementor-col-100 elementor-top-column elementor-element elementor-element-669ee95\" data-id=\"669ee95\" data-element_type=\"column\" data-e-type=\"column\">\n\t\t\t<div class=\"elementor-widget-wrap elementor-element-populated\">\n\t\t\t\t\t\t<div class=\"elementor-element elementor-element-8202096 elementor-widget elementor-widget-heading\" data-id=\"8202096\" data-element_type=\"widget\" data-e-type=\"widget\" data-widget_type=\"heading.default\">\n\t\t\t\t<div class=\"elementor-widget-container\">\n\t\t\t\t\t<h1 class=\"elementor-heading-title elementor-size-default\">27\/2026 Zawarcie um\u00f3w obj\u0119cia akcji serii L w ramach podwy\u017cszenia kapita\u0142u zak\u0142adowego w granicach kapita\u0142u docelowego.<\/h1>\t\t\t\t<\/div>\n\t\t\t\t<\/div>\n\t\t\t\t<div class=\"elementor-element elementor-element-55c7e3cf elementor-widget elementor-widget-text-editor\" data-id=\"55c7e3cf\" data-element_type=\"widget\" data-e-type=\"widget\" data-widget_type=\"text-editor.default\">\n\t\t\t\t<div class=\"elementor-widget-container\">\n\t\t\t\t\t\t\t\t\t<p style=\"font-weight: 400;\"><strong>Podstawa prawna:\u00a0Art. 17 ust. 1 MAR &#8211; informacje poufne<\/strong><\/p><table border=\"0px\" width=\"240\" cellspacing=\"1\"><tbody><tr class=\"nTekst\"><td colspan=\"10\"><table border=\"0px\" cellspacing=\"1\"><tbody><tr class=\"nTekst\"><td colspan=\"10\"><p>Zarz\u0105d Zak\u0142adu Budowy Maszyn &#8222;ZREMB-CHOJNICE&#8221; S.A. z siedzib\u0105 w Chojnicach (&#8222;Sp\u00f3\u0142ka&#8221;, &#8222;Emitent&#8221;) informuje, \u017ce w dniu 6 sierpnia 2026 roku Sp\u00f3\u0142ka zawar\u0142a umowy obj\u0119cia akcji serii L wyemitowanych na podstawie uchwa\u0142y nr 1\/04\/2026 Zarz\u0105du Sp\u00f3\u0142ki z dnia 22 kwietnia 2026 roku w sprawie podwy\u017cszenia kapita\u0142u zak\u0142adowego Sp\u00f3\u0142ki w granicach kapita\u0142u docelowego, o kt\u00f3rej Sp\u00f3\u0142ka informowa\u0142a w raporcie bie\u017c\u0105cym nr 10\/2026 z dnia 22 kwietnia 2026 roku.<br \/><br \/>W ramach przeprowadzonej subskrypcji prywatnej, o kt\u00f3rej mowa w art. 431 \u00a7 2 pkt 1 Kodeksu sp\u00f3\u0142ek handlowych, obj\u0119tych zosta\u0142o 200.000 (dwie\u015bcie tysi\u0119cy) akcji zwyk\u0142ych na okaziciela serii L o warto\u015bci nominalnej 0,50 z\u0142 (pi\u0119\u0107dziesi\u0105t groszy) ka\u017cda oraz cenie emisyjnej 6,00 z\u0142 (sze\u015b\u0107 z\u0142otych) za jedn\u0105 akcj\u0119.<br \/><br \/>\u0141\u0105czna warto\u015b\u0107 nominalna obj\u0119tych akcji serii L wynosi 100.000,00 z\u0142 (sto tysi\u0119cy z\u0142otych), natomiast \u0142\u0105czna warto\u015b\u0107 emisyjna akcji wynosi 1.200.000,00 z\u0142 (jeden milion dwie\u015bcie tysi\u0119cy z\u0142otych).<br \/><br \/>Akcje serii L zosta\u0142y obj\u0119te w zamian za wk\u0142ady pieni\u0119\u017cne.<br \/><br \/>Zawarcie um\u00f3w obj\u0119cia akcji stanowi realizacj\u0119 uchwa\u0142y nr 1\/04\/2026 Zarz\u0105du Sp\u00f3\u0142ki z dnia 22 kwietnia 2026 roku oraz uchwa\u0142y nr 1\/08\/2026 Zarz\u0105du Sp\u00f3\u0142ki z dnia 6 sierpnia 2026 roku w sprawie okre\u015blenia adresat\u00f3w oferty obj\u0119cia akcji serii L.<br \/><br \/>Zarz\u0105d Sp\u00f3\u0142ki wskazuje, \u017ce obj\u0119cie akcji serii L nast\u0105pi\u0142o w ramach subskrypcji prywatnej skierowanej do oznaczonych inwestor\u00f3w.<br \/><br \/>Po dokonaniu wp\u0142at na akcje serii L Zarz\u0105d Sp\u00f3\u0142ki podejmie czynno\u015bci zmierzaj\u0105ce do z\u0142o\u017cenia o\u015bwiadczenia o wysoko\u015bci obj\u0119tego kapita\u0142u zak\u0142adowego w trybie art. 310 \u00a7 2 w zwi\u0105zku z art. 431 \u00a7 7 Kodeksu sp\u00f3\u0142ek handlowych oraz zg\u0142oszenia podwy\u017cszenia kapita\u0142u zak\u0142adowego do rejestru przedsi\u0119biorc\u00f3w Krajowego Rejestru S\u0105dowego.<\/p><\/td><\/tr><tr class=\"nTekst\"><td>\u00a0<\/td><\/tr><\/tbody><\/table><p>PODPISY OS\u00d3B REPREZENTUJ\u0104CYCH SP\u00d3\u0141K\u0118<\/p><p><!-- \/wp:paragraph --><\/p><table style=\"width: 70%;\"><thead><tr><th><span style=\"font-size: 14px; text-align: start;\">Data<\/span><\/th><th><span style=\"font-size: 14px; text-align: start;\">Imi\u0119 i Nazwisko<\/span><\/th><th><span style=\"font-size: 14px; text-align: start;\">Stanowisko\/Funkcja<\/span><\/th><\/tr><\/thead><tbody><tr><td>06-08-2026<\/td><td>Krzysztof Kosiorek-Sobolewski<\/td><td>Prezes Zarz\u0105du<\/td><\/tr><tr><td>06-08-2026<\/td><td>Marcin Garus<\/td><td>Wiceprezes Zarz\u0105du<\/td><\/tr><\/tbody><\/table><\/td><\/tr><\/tbody><\/table>\t\t\t\t\t\t\t\t<\/div>\n\t\t\t\t<\/div>\n\t\t\t\t\t<\/div>\n\t\t<\/div>\n\t\t\t\t\t<\/div>\n\t\t<\/section>\n\t\t\t\t<section class=\"elementor-section elementor-top-section elementor-element elementor-element-40b92a6 elementor-section-boxed elementor-section-height-default elementor-section-height-default\" data-id=\"40b92a6\" data-element_type=\"section\" data-e-type=\"section\">\n\t\t\t\t\t\t<div class=\"elementor-container elementor-column-gap-default\">\n\t\t\t\t\t<div class=\"elementor-column elementor-col-100 elementor-top-column elementor-element elementor-element-89e20ce\" data-id=\"89e20ce\" data-element_type=\"column\" data-e-type=\"column\">\n\t\t\t<div class=\"elementor-widget-wrap elementor-element-populated\">\n\t\t\t\t\t\t\t<\/div>\n\t\t<\/div>\n\t\t\t\t\t<\/div>\n\t\t<\/section>\n\t\t\t\t<section class=\"elementor-section elementor-top-section elementor-element elementor-element-cd7dad2 elementor-section-boxed elementor-section-height-default elementor-section-height-default\" data-id=\"cd7dad2\" data-element_type=\"section\" data-e-type=\"section\">\n\t\t\t\t\t\t<div class=\"elementor-container elementor-column-gap-default\">\n\t\t\t\t\t<div class=\"elementor-column elementor-col-100 elementor-top-column elementor-element elementor-element-3eeb46f\" data-id=\"3eeb46f\" data-element_type=\"column\" data-e-type=\"column\">\n\t\t\t<div class=\"elementor-widget-wrap\">\n\t\t\t\t\t\t\t<\/div>\n\t\t<\/div>\n\t\t\t\t\t<\/div>\n\t\t<\/section>\n\t\t\t\t<\/div>\n\t\t","protected":false},"excerpt":{"rendered":"<p>27\/2026 Zawarcie um\u00f3w obj\u0119cia akcji serii L w ramach podwy\u017cszenia kapita\u0142u zak\u0142adowego w granicach kapita\u0142u docelowego. Podstawa prawna:\u00a0Art. 17 ust. 1 MAR &#8211; informacje poufne Zarz\u0105d Zak\u0142adu Budowy Maszyn &#8222;ZREMB-CHOJNICE&#8221; S.A. z siedzib\u0105 w Chojnicach (&#8222;Sp\u00f3\u0142ka&#8221;, &#8222;Emitent&#8221;) informuje, \u017ce w dniu 6 sierpnia 2026 roku Sp\u00f3\u0142ka zawar\u0142a umowy obj\u0119cia akcji serii L wyemitowanych na podstawie [&hellip;]<\/p>\n","protected":false},"author":1,"featured_media":0,"comment_status":"closed","ping_status":"closed","sticky":false,"template":"","format":"standard","meta":{"footnotes":""},"categories":[184],"tags":[],"class_list":["post-13426","post","type-post","status-publish","format-standard","hentry","category-raporty-biezace-2026"],"_links":{"self":[{"href":"https:\/\/zrembchojnice.pl\/index.php\/wp-json\/wp\/v2\/posts\/13426","targetHints":{"allow":["GET"]}}],"collection":[{"href":"https:\/\/zrembchojnice.pl\/index.php\/wp-json\/wp\/v2\/posts"}],"about":[{"href":"https:\/\/zrembchojnice.pl\/index.php\/wp-json\/wp\/v2\/types\/post"}],"author":[{"embeddable":true,"href":"https:\/\/zrembchojnice.pl\/index.php\/wp-json\/wp\/v2\/users\/1"}],"replies":[{"embeddable":true,"href":"https:\/\/zrembchojnice.pl\/index.php\/wp-json\/wp\/v2\/comments?post=13426"}],"version-history":[{"count":4,"href":"https:\/\/zrembchojnice.pl\/index.php\/wp-json\/wp\/v2\/posts\/13426\/revisions"}],"predecessor-version":[{"id":13430,"href":"https:\/\/zrembchojnice.pl\/index.php\/wp-json\/wp\/v2\/posts\/13426\/revisions\/13430"}],"wp:attachment":[{"href":"https:\/\/zrembchojnice.pl\/index.php\/wp-json\/wp\/v2\/media?parent=13426"}],"wp:term":[{"taxonomy":"category","embeddable":true,"href":"https:\/\/zrembchojnice.pl\/index.php\/wp-json\/wp\/v2\/categories?post=13426"},{"taxonomy":"post_tag","embeddable":true,"href":"https:\/\/zrembchojnice.pl\/index.php\/wp-json\/wp\/v2\/tags?post=13426"}],"curies":[{"name":"wp","href":"https:\/\/api.w.org\/{rel}","templated":true}]}}